{"id":983,"date":"2023-08-17T08:23:12","date_gmt":"2023-08-17T06:23:12","guid":{"rendered":"https:\/\/fundacjaaprobata.ippez.pl\/?p=983"},"modified":"2023-09-17T10:25:22","modified_gmt":"2023-09-17T08:25:22","slug":"kampania-spoleczna-jestem-swoim-liderem-ty-badz-swoim-2","status":"publish","type":"post","link":"https:\/\/fundacjaaprobata.ippez.pl\/index.php\/2023\/08\/17\/kampania-spoleczna-jestem-swoim-liderem-ty-badz-swoim-2\/","title":{"rendered":"Kampania spo\u0142eczna \u201eJestem swoim Liderem -Ty b\u0105d\u017a swoim\u201d."},"content":{"rendered":"<div id=\"attachment_955\" style=\"width: 2250px\" class=\"wp-caption alignleft\"><img loading=\"lazy\" decoding=\"async\" aria-describedby=\"caption-attachment-955\" src=\"https:\/\/fundacjaaprobata.ippez.pl\/wp-content\/uploads\/2023\/07\/grafika-g\u0142\u00f3wna-do-infromacji-prasowej.png\" alt=\"\" width=\"2240\" height=\"1260\" class=\"wp-image-955 size-full\" srcset=\"https:\/\/fundacjaaprobata.ippez.pl\/wp-content\/uploads\/2023\/07\/grafika-g\u0142\u00f3wna-do-infromacji-prasowej.png 2240w, https:\/\/fundacjaaprobata.ippez.pl\/wp-content\/uploads\/2023\/07\/grafika-g\u0142\u00f3wna-do-infromacji-prasowej-300x169.png 300w, https:\/\/fundacjaaprobata.ippez.pl\/wp-content\/uploads\/2023\/07\/grafika-g\u0142\u00f3wna-do-infromacji-prasowej-768x432.png 768w, https:\/\/fundacjaaprobata.ippez.pl\/wp-content\/uploads\/2023\/07\/grafika-g\u0142\u00f3wna-do-infromacji-prasowej-1024x576.png 1024w\" sizes=\"auto, (max-width: 2240px) 100vw, 2240px\" \/><p id=\"caption-attachment-955\" class=\"wp-caption-text\">Rysunek<\/p><\/div>\n<p>Zapraszamy\u00a0 do zapoznania si\u0119 ze spotem edukacyjnym przygotowanym w ramach Kampanii spo\u0142ecznej \u201eJestem swoim Liderem -Ty b\u0105d\u017a swoim\u201d.<\/p>\n<p><a href=\"https:\/\/www.youtube.com\/watch?v=PrR1BL1xlug\">https:\/\/www.youtube.com\/watch?v=PrR1BL1xlug<\/a><\/p>\n<p>&nbsp;<\/p>\n<div id=\"attachment_961\" style=\"width: 810px\" class=\"wp-caption alignleft\"><img loading=\"lazy\" decoding=\"async\" aria-describedby=\"caption-attachment-961\" src=\"https:\/\/fundacjaaprobata.ippez.pl\/wp-content\/uploads\/2023\/07\/Logotypy-dofinansowania-1.png\" alt=\"Logotyp Grantodawcy Rzesz\u00f3w Stolica Innowacji, Pa\u0144stwowy Fundusz Rehabilitacji Os\u00f3b Niepe\u0142nosprawnych\" width=\"800\" height=\"90\" class=\"wp-image-961 size-full\" srcset=\"https:\/\/fundacjaaprobata.ippez.pl\/wp-content\/uploads\/2023\/07\/Logotypy-dofinansowania-1.png 800w, https:\/\/fundacjaaprobata.ippez.pl\/wp-content\/uploads\/2023\/07\/Logotypy-dofinansowania-1-300x34.png 300w, https:\/\/fundacjaaprobata.ippez.pl\/wp-content\/uploads\/2023\/07\/Logotypy-dofinansowania-1-768x86.png 768w\" sizes=\"auto, (max-width: 800px) 100vw, 800px\" \/><p id=\"caption-attachment-961\" class=\"wp-caption-text\">Logotyp Grantodawcy Rzesz\u00f3w Stolica Innowacji, Pa\u0144stwowy Fundusz Rehabilitacji Os\u00f3b Niepe\u0142nosprawnych<\/p><\/div>\n<p>&nbsp;<\/p>\n","protected":false},"excerpt":{"rendered":"<p>Zapraszamy\u00a0 do zapoznania si\u0119 ze spotem edukacyjnym przygotowanym w ramach Kampanii spo\u0142ecznej \u201eJestem swoim Liderem -Ty b\u0105d\u017a swoim\u201d. https:\/\/www.youtube.com\/watch?v=PrR1BL1xlug &nbsp; &nbsp;<\/p>\n","protected":false},"author":2,"featured_media":956,"comment_status":"closed","ping_status":"closed","sticky":false,"template":"","format":"standard","meta":{"footnotes":""},"categories":[9],"tags":[],"class_list":["post-983","post","type-post","status-publish","format-standard","has-post-thumbnail","hentry","category-kampania-spoleczna"],"_links":{"self":[{"href":"https:\/\/fundacjaaprobata.ippez.pl\/index.php\/wp-json\/wp\/v2\/posts\/983","targetHints":{"allow":["GET"]}}],"collection":[{"href":"https:\/\/fundacjaaprobata.ippez.pl\/index.php\/wp-json\/wp\/v2\/posts"}],"about":[{"href":"https:\/\/fundacjaaprobata.ippez.pl\/index.php\/wp-json\/wp\/v2\/types\/post"}],"author":[{"embeddable":true,"href":"https:\/\/fundacjaaprobata.ippez.pl\/index.php\/wp-json\/wp\/v2\/users\/2"}],"replies":[{"embeddable":true,"href":"https:\/\/fundacjaaprobata.ippez.pl\/index.php\/wp-json\/wp\/v2\/comments?post=983"}],"version-history":[{"count":8,"href":"https:\/\/fundacjaaprobata.ippez.pl\/index.php\/wp-json\/wp\/v2\/posts\/983\/revisions"}],"predecessor-version":[{"id":1012,"href":"https:\/\/fundacjaaprobata.ippez.pl\/index.php\/wp-json\/wp\/v2\/posts\/983\/revisions\/1012"}],"wp:featuredmedia":[{"embeddable":true,"href":"https:\/\/fundacjaaprobata.ippez.pl\/index.php\/wp-json\/wp\/v2\/media\/956"}],"wp:attachment":[{"href":"https:\/\/fundacjaaprobata.ippez.pl\/index.php\/wp-json\/wp\/v2\/media?parent=983"}],"wp:term":[{"taxonomy":"category","embeddable":true,"href":"https:\/\/fundacjaaprobata.ippez.pl\/index.php\/wp-json\/wp\/v2\/categories?post=983"},{"taxonomy":"post_tag","embeddable":true,"href":"https:\/\/fundacjaaprobata.ippez.pl\/index.php\/wp-json\/wp\/v2\/tags?post=983"}],"curies":[{"name":"wp","href":"https:\/\/api.w.org\/{rel}","templated":true}]}}